{"id":519,"date":"2022-11-29T23:13:38","date_gmt":"2022-11-29T22:13:38","guid":{"rendered":"http:\/\/omsfel.fr\/?p=519"},"modified":"2023-02-01T17:58:48","modified_gmt":"2023-02-01T16:58:48","slug":"telethon-2022-rendez-vous-les-2-et-3-decembre","status":"publish","type":"post","link":"https:\/\/omsfel.fr\/index.php\/2022\/11\/29\/telethon-2022-rendez-vous-les-2-et-3-decembre\/","title":{"rendered":"T\u00e9l\u00e9thon 2022 : Rendez-vous les 2 et 3 d\u00e9cembre"},"content":{"rendered":"\n<p><\/p>\n\n\n\n<p>Les manifestations T\u00e9l\u00e9thon auront lieu cette ann\u00e9e le 2 et 3 d\u00e9cembre avec une soir\u00e9e sp\u00e9ciale TAPAS le 25 novembre en avant premi\u00e8re au profit du T\u00e9l\u00e9thon.<br><br>Cette ann\u00e9e, vous trouverez le programme des animations du samedi 3 d\u00e9cembre sur l&rsquo;affiche ci dessous, venez nous rejoindre sur ces animations sur la commune.<br><br>Don pour le AfmT\u00e9l\u00e9thon:<br>Vous avez plusieurs solutions pour faire un don pour le T\u00e9l\u00e9thon, vous pouvez appeler le 3637 ou faire un don sur le site en ligne en cliquant sur le lien ci dessous<br><a rel=\"noreferrer noopener\" href=\"https:\/\/don.telethon.fr\/?fbclid=IwAR1D-SxTwZ_LwWpllhaRv_d0M5NP33doQvUOBDoB7uIP4duEmjAIYuzqlME\" target=\"_blank\">https:\/\/don.telethon.fr\/<\/a><br><\/p>\n\n\n\n<figure class=\"wp-block-image size-large\"><img loading=\"lazy\" decoding=\"async\" width=\"724\" height=\"1024\" src=\"https:\/\/omsfel.fr\/wp-content\/uploads\/2022\/11\/Programme-22-724x1024.png\" alt=\"\" class=\"wp-image-521\" srcset=\"https:\/\/omsfel.fr\/wp-content\/uploads\/2022\/11\/Programme-22-724x1024.png 724w, https:\/\/omsfel.fr\/wp-content\/uploads\/2022\/11\/Programme-22-212x300.png 212w, https:\/\/omsfel.fr\/wp-content\/uploads\/2022\/11\/Programme-22-768x1086.png 768w, https:\/\/omsfel.fr\/wp-content\/uploads\/2022\/11\/Programme-22-1086x1536.png 1086w, https:\/\/omsfel.fr\/wp-content\/uploads\/2022\/11\/Programme-22-1448x2048.png 1448w, https:\/\/omsfel.fr\/wp-content\/uploads\/2022\/11\/Programme-22.png 1587w\" sizes=\"auto, (max-width: 724px) 100vw, 724px\" \/><\/figure>\n\n\n\n<p><\/p>\n","protected":false},"excerpt":{"rendered":"<p>Les manifestations T\u00e9l\u00e9thon auront lieu cette ann\u00e9e le 2 et 3 d\u00e9cembre avec une soir\u00e9e sp\u00e9ciale TAPAS le 25 novembre en avant premi\u00e8re au profit du T\u00e9l\u00e9thon. Cette ann\u00e9e, vous trouverez le programme des animations du samedi 3 d\u00e9cembre sur l&rsquo;affiche ci dessous, venez nous rejoindre sur ces animations sur la commune. Don pour le [&hellip;]<\/p>\n","protected":false},"author":1,"featured_media":430,"comment_status":"closed","ping_status":"closed","sticky":false,"template":"","format":"standard","meta":{"footnotes":""},"categories":[5],"tags":[],"class_list":["post-519","post","type-post","status-publish","format-standard","has-post-thumbnail","hentry","category-telethon"],"_links":{"self":[{"href":"https:\/\/omsfel.fr\/index.php\/wp-json\/wp\/v2\/posts\/519","targetHints":{"allow":["GET"]}}],"collection":[{"href":"https:\/\/omsfel.fr\/index.php\/wp-json\/wp\/v2\/posts"}],"about":[{"href":"https:\/\/omsfel.fr\/index.php\/wp-json\/wp\/v2\/types\/post"}],"author":[{"embeddable":true,"href":"https:\/\/omsfel.fr\/index.php\/wp-json\/wp\/v2\/users\/1"}],"replies":[{"embeddable":true,"href":"https:\/\/omsfel.fr\/index.php\/wp-json\/wp\/v2\/comments?post=519"}],"version-history":[{"count":3,"href":"https:\/\/omsfel.fr\/index.php\/wp-json\/wp\/v2\/posts\/519\/revisions"}],"predecessor-version":[{"id":524,"href":"https:\/\/omsfel.fr\/index.php\/wp-json\/wp\/v2\/posts\/519\/revisions\/524"}],"wp:featuredmedia":[{"embeddable":true,"href":"https:\/\/omsfel.fr\/index.php\/wp-json\/wp\/v2\/media\/430"}],"wp:attachment":[{"href":"https:\/\/omsfel.fr\/index.php\/wp-json\/wp\/v2\/media?parent=519"}],"wp:term":[{"taxonomy":"category","embeddable":true,"href":"https:\/\/omsfel.fr\/index.php\/wp-json\/wp\/v2\/categories?post=519"},{"taxonomy":"post_tag","embeddable":true,"href":"https:\/\/omsfel.fr\/index.php\/wp-json\/wp\/v2\/tags?post=519"}],"curies":[{"name":"wp","href":"https:\/\/api.w.org\/{rel}","templated":true}]}}