{"id":506,"date":"2022-11-01T20:50:01","date_gmt":"2022-11-01T19:50:01","guid":{"rendered":"http:\/\/omsfel.fr\/?p=506"},"modified":"2022-11-29T23:25:51","modified_gmt":"2022-11-29T22:25:51","slug":"soiree-tapas-vendredi-25-novembre-a-partir-de-19h30-au-profit-du-telethon","status":"publish","type":"post","link":"https:\/\/omsfel.fr\/index.php\/2022\/11\/01\/soiree-tapas-vendredi-25-novembre-a-partir-de-19h30-au-profit-du-telethon\/","title":{"rendered":"Soir\u00e9e Tapas vendredi 25 novembre \u00e0 partir de 19h30 au profit du T\u00e9l\u00e9thon"},"content":{"rendered":"\n<p><strong>Salle Jean Ferrat     &#8211;    Mign\u00e9-Auxances<\/strong>&#8211;<\/p>\n\n\n\n<p> Voyage musical avec un principe simple: le public est plac\u00e9 au centre de la salle et 3 styles musicaux sont propos\u00e9s sur plusieurs sc\u00e8nes par&nbsp; les trois groupes ci dessous.<br><\/p>\n\n\n\n<ul class=\"wp-block-list\">\n<li>Jozen PAz&nbsp;&nbsp; (Formation musicale au r\u00e9pertoire Jazz qui navigue entre chansons, jazz et latin jazz, du Libertango d\u2019un Piazzolla aux anciennes m\u00e9lodies de Gainsbourg)<\/li>\n\n\n\n<li>Ashes to Ashes ( Le duo <strong>Ashes to ashes<\/strong> puise son r\u00e9pertoire, son \u00e9nergie et ses sonorit\u00e9s dans la musique populaire nord am\u00e9ricaine (<strong>blues<\/strong>, gospel noir et blanc, musique <strong>old time<\/strong>, <strong>folk<\/strong>, Dylan)<\/li>\n\n\n\n<li>&nbsp;<em>MUSTANG BLUES BAND<\/em> (Mettez vos blousons, enfourchez vos b\u00e9canes, ils vous emm\u00e8nent en voyage sur la route du Blues et revisitent tous les standards d\u2019Albert Collins, Otis Redding, Janis Joplin, Amy Whinehouse, Lynyrd Skynyrd, Gary Moore, ZZ Top&#8230;)<\/li>\n<\/ul>\n\n\n\n<p> Excellente occasion de passer un moment convivial entre amis ou en famille autour d\u2019une table, tout en profitant d\u2019un accompagnement musical aux influences vari\u00e9es<\/p>\n\n\n\n<p>Ouverture de la salle au public \u00e0 partir de&nbsp; 19h3O pour commencer la partie musicale un peu avant 20h00<\/p>\n\n\n\n<p class=\"has-medium-font-size\"><strong><em>R\u00e9servation obligatoire sur le site ci contre: <\/em><\/strong><a href=\"https:\/\/forms.gle\/XjcE8SDD6CCCJnus6\" data-type=\"URL\" target=\"_blank\" rel=\"noreferrer noopener\">cliquez ici<\/a><br><\/p>\n\n\n\n<ul class=\"wp-block-list\">\n<li>B\u00e9n\u00e9fices au profit du T\u00e9l\u00e9thon <\/li>\n\n\n\n<li> Entr\u00e9e gratuite <\/li>\n\n\n\n<li>Paiement Carte bleue possible.<\/li>\n<\/ul>\n\n\n\n<p><br><img loading=\"lazy\" decoding=\"async\" width=\"500\" height=\"707\" class=\"wp-image-514\" style=\"width: 500px;\" src=\"https:\/\/omsfel.fr\/wp-content\/uploads\/2022\/11\/tapas2022.jpg\" alt=\"\" srcset=\"https:\/\/omsfel.fr\/wp-content\/uploads\/2022\/11\/tapas2022.jpg 509w, https:\/\/omsfel.fr\/wp-content\/uploads\/2022\/11\/tapas2022-212x300.jpg 212w\" sizes=\"auto, (max-width: 500px) 100vw, 500px\" \/><\/p>\n\n\n\n<p><br><a rel=\"noreferrer noopener\" href=\"https:\/\/docs.google.com\/forms\/d\/1YkkqGOQ3hVoNCGoFVWFggAk--FEbUq_-TmoQA9E43Q4\/prefill\" target=\"_blank\"><br><\/a><\/p>\n\n\n\n<p><\/p>\n","protected":false},"excerpt":{"rendered":"<p>Salle Jean Ferrat &#8211; Mign\u00e9-Auxances&#8211; Voyage musical avec un principe simple: le public est plac\u00e9 au centre de la salle et 3 styles musicaux sont propos\u00e9s sur plusieurs sc\u00e8nes par&nbsp; les trois groupes ci dessous. Excellente occasion de passer un moment convivial entre amis ou en famille autour d\u2019une table, tout en profitant d\u2019un accompagnement [&hellip;]<\/p>\n","protected":false},"author":1,"featured_media":514,"comment_status":"closed","ping_status":"closed","sticky":false,"template":"","format":"standard","meta":{"footnotes":""},"categories":[5],"tags":[],"class_list":["post-506","post","type-post","status-publish","format-standard","has-post-thumbnail","hentry","category-telethon"],"_links":{"self":[{"href":"https:\/\/omsfel.fr\/index.php\/wp-json\/wp\/v2\/posts\/506","targetHints":{"allow":["GET"]}}],"collection":[{"href":"https:\/\/omsfel.fr\/index.php\/wp-json\/wp\/v2\/posts"}],"about":[{"href":"https:\/\/omsfel.fr\/index.php\/wp-json\/wp\/v2\/types\/post"}],"author":[{"embeddable":true,"href":"https:\/\/omsfel.fr\/index.php\/wp-json\/wp\/v2\/users\/1"}],"replies":[{"embeddable":true,"href":"https:\/\/omsfel.fr\/index.php\/wp-json\/wp\/v2\/comments?post=506"}],"version-history":[{"count":8,"href":"https:\/\/omsfel.fr\/index.php\/wp-json\/wp\/v2\/posts\/506\/revisions"}],"predecessor-version":[{"id":523,"href":"https:\/\/omsfel.fr\/index.php\/wp-json\/wp\/v2\/posts\/506\/revisions\/523"}],"wp:featuredmedia":[{"embeddable":true,"href":"https:\/\/omsfel.fr\/index.php\/wp-json\/wp\/v2\/media\/514"}],"wp:attachment":[{"href":"https:\/\/omsfel.fr\/index.php\/wp-json\/wp\/v2\/media?parent=506"}],"wp:term":[{"taxonomy":"category","embeddable":true,"href":"https:\/\/omsfel.fr\/index.php\/wp-json\/wp\/v2\/categories?post=506"},{"taxonomy":"post_tag","embeddable":true,"href":"https:\/\/omsfel.fr\/index.php\/wp-json\/wp\/v2\/tags?post=506"}],"curies":[{"name":"wp","href":"https:\/\/api.w.org\/{rel}","templated":true}]}}