{"id":398,"date":"2021-11-08T21:49:02","date_gmt":"2021-11-08T20:49:02","guid":{"rendered":"http:\/\/omsfel.fr\/?p=398"},"modified":"2022-02-14T13:40:10","modified_gmt":"2022-02-14T12:40:10","slug":"stage-sport-decouverte-et-sante","status":"publish","type":"post","link":"https:\/\/omsfel.fr\/index.php\/2021\/11\/08\/stage-sport-decouverte-et-sante\/","title":{"rendered":"STAGE SPORT, D\u00c9COUVERTE  ET SANT\u00c9 2021"},"content":{"rendered":"\n<p>Ce stage organis\u00e9 par l\u2019OMSFEL &nbsp;s\u2019est d\u00e9roul\u00e9 du 2 au 5 novembre de 14h00 \u00e0 17h15 au complexe sportif de Mign\u00e9-Auxances.<\/p>\n\n\n\n<p>Une cinquante d\u2019enfants de 11 ans \u00e0 17 ans ont particip\u00e9 aux diff\u00e9rentes activit\u00e9s encadr\u00e9es par les animateurs sportifs Anthony Delage et Louis Milord avec la participation du centre socioculturel de Mign\u00e9-Auxances et du centre de loisirs de Saint&nbsp; Julien l\u2019Ars.<\/p>\n\n\n\n<p>Figuraient au programme&nbsp;du volley assis, cecifoot, vince-pong, escalade aveugle, foot ga\u00e9lique, torball&#8230; disciplines, pour certaines inscrites aux jeux paralympiques, visant \u00e0 sensibiliser les jeunes au handisport.<\/p>\n\n\n\n<p>En point d\u2019orgue de ce stage, un match de handibasket anim\u00e9 par Luc Bergeas, joueur et encadrant de l\u2019\u00e9quipe handibasket de la Vienne et vice pr\u00e9sident de l\u2019ASSHAV (association sportive sociale des handicap\u00e9s et adh\u00e9rents valides).<\/p>\n\n\n\n<figure class=\"wp-block-image size-large\"><img loading=\"lazy\" decoding=\"async\" width=\"1024\" height=\"768\" src=\"https:\/\/omsfel.fr\/wp-content\/uploads\/2021\/11\/IMG_8564-1024x768.jpg\" alt=\"\" class=\"wp-image-404\" srcset=\"https:\/\/omsfel.fr\/wp-content\/uploads\/2021\/11\/IMG_8564-1024x768.jpg 1024w, https:\/\/omsfel.fr\/wp-content\/uploads\/2021\/11\/IMG_8564-300x225.jpg 300w, https:\/\/omsfel.fr\/wp-content\/uploads\/2021\/11\/IMG_8564-768x576.jpg 768w, https:\/\/omsfel.fr\/wp-content\/uploads\/2021\/11\/IMG_8564-1536x1152.jpg 1536w, https:\/\/omsfel.fr\/wp-content\/uploads\/2021\/11\/IMG_8564-2048x1536.jpg 2048w\" sizes=\"auto, (max-width: 1024px) 100vw, 1024px\" \/><\/figure>\n","protected":false},"excerpt":{"rendered":"<p>Ce stage organis\u00e9 par l\u2019OMSFEL &nbsp;s\u2019est d\u00e9roul\u00e9 du 2 au 5 novembre de 14h00 \u00e0 17h15 au complexe sportif de Mign\u00e9-Auxances. Une cinquante d\u2019enfants de 11 ans \u00e0 17 ans ont particip\u00e9 aux diff\u00e9rentes activit\u00e9s encadr\u00e9es par les animateurs sportifs Anthony Delage et Louis Milord avec la participation du centre socioculturel de Mign\u00e9-Auxances et du [&hellip;]<\/p>\n","protected":false},"author":1,"featured_media":400,"comment_status":"closed","ping_status":"","sticky":false,"template":"","format":"standard","meta":{"footnotes":""},"categories":[1,10],"tags":[],"class_list":["post-398","post","type-post","status-publish","format-standard","has-post-thumbnail","hentry","category-non-classe","category-sport"],"_links":{"self":[{"href":"https:\/\/omsfel.fr\/index.php\/wp-json\/wp\/v2\/posts\/398","targetHints":{"allow":["GET"]}}],"collection":[{"href":"https:\/\/omsfel.fr\/index.php\/wp-json\/wp\/v2\/posts"}],"about":[{"href":"https:\/\/omsfel.fr\/index.php\/wp-json\/wp\/v2\/types\/post"}],"author":[{"embeddable":true,"href":"https:\/\/omsfel.fr\/index.php\/wp-json\/wp\/v2\/users\/1"}],"replies":[{"embeddable":true,"href":"https:\/\/omsfel.fr\/index.php\/wp-json\/wp\/v2\/comments?post=398"}],"version-history":[{"count":5,"href":"https:\/\/omsfel.fr\/index.php\/wp-json\/wp\/v2\/posts\/398\/revisions"}],"predecessor-version":[{"id":437,"href":"https:\/\/omsfel.fr\/index.php\/wp-json\/wp\/v2\/posts\/398\/revisions\/437"}],"wp:featuredmedia":[{"embeddable":true,"href":"https:\/\/omsfel.fr\/index.php\/wp-json\/wp\/v2\/media\/400"}],"wp:attachment":[{"href":"https:\/\/omsfel.fr\/index.php\/wp-json\/wp\/v2\/media?parent=398"}],"wp:term":[{"taxonomy":"category","embeddable":true,"href":"https:\/\/omsfel.fr\/index.php\/wp-json\/wp\/v2\/categories?post=398"},{"taxonomy":"post_tag","embeddable":true,"href":"https:\/\/omsfel.fr\/index.php\/wp-json\/wp\/v2\/tags?post=398"}],"curies":[{"name":"wp","href":"https:\/\/api.w.org\/{rel}","templated":true}]}}