{"id":367,"date":"2021-08-30T22:10:05","date_gmt":"2021-08-30T20:10:05","guid":{"rendered":"http:\/\/omsfel.fr\/?p=367"},"modified":"2021-10-04T09:28:07","modified_gmt":"2021-10-04T07:28:07","slug":"journee-des-associations-4-septembre-14h","status":"publish","type":"post","link":"https:\/\/omsfel.fr\/index.php\/2021\/08\/30\/journee-des-associations-4-septembre-14h\/","title":{"rendered":"Journ\u00e9e des associations: 4 septembre 14H"},"content":{"rendered":"\n<p>L&rsquo;OMSFEL organise la traditionnelle journ\u00e9e des associations le samedi 4 septembre 2021 au complexe sportif de 14H \u00e0 18H. Cette manifestation regroupera plus de 30 associations en ext\u00e9rieur. <\/p>\n\n\n\n<p>D\u00e8s 8 H, des dizaines de b\u00e9n\u00e9voles se retrouveront pour monter les stands, une petite petite pause casse-croute \u00e0 9H viendra redonner quelques forces \u00e0 la troupe qui terminera les installations pour accueillir le public \u00e0 partir de 14H .<\/p>\n\n\n\n<p>Nous serons oblig\u00e9s de demander le passe sanitaire \u00e0 l&rsquo;entr\u00e9e de cette manifestation et nous devrons faire respecter les gestes barri\u00e8res en proposant du gel \u00e0 l&rsquo;entr\u00e9e de la manifestation pour les b\u00e9n\u00e9voles et le public.Les b\u00e9n\u00e9voles devront porter les masques pour l&rsquo;accueil du public dans les diff\u00e9rents stands. <\/p>\n\n\n\n<p>Les repr\u00e9sentations ou d\u00e9monstrations produites par les associations, ainsi que l&rsquo;ap\u00e9ritif et le buffet du soir ont \u00e9galement \u00e9t\u00e9 supprim\u00e9s <\/p>\n\n\n\n<p>Des boissons seront propos\u00e9es \u00e0 la buvette mais les gens devront prendre leur boisson en suivant un fl\u00e9chage particulier et iront consommer plus loin, (terminal bancaire carte bleue propos\u00e9 sans contact)<\/p>\n\n\n\n<figure class=\"wp-block-image size-large\"><img loading=\"lazy\" decoding=\"async\" width=\"526\" height=\"526\" src=\"https:\/\/omsfel.fr\/wp-content\/uploads\/2021\/08\/assoc.jpg\" alt=\"\" class=\"wp-image-372\" srcset=\"https:\/\/omsfel.fr\/wp-content\/uploads\/2021\/08\/assoc.jpg 526w, https:\/\/omsfel.fr\/wp-content\/uploads\/2021\/08\/assoc-300x300.jpg 300w, https:\/\/omsfel.fr\/wp-content\/uploads\/2021\/08\/assoc-150x150.jpg 150w\" sizes=\"auto, (max-width: 526px) 100vw, 526px\" \/><\/figure>\n","protected":false},"excerpt":{"rendered":"<p>L&rsquo;OMSFEL organise la traditionnelle journ\u00e9e des associations le samedi 4 septembre 2021 au complexe sportif de 14H \u00e0 18H. Cette manifestation regroupera plus de 30 associations en ext\u00e9rieur. D\u00e8s 8 H, des dizaines de b\u00e9n\u00e9voles se retrouveront pour monter les stands, une petite petite pause casse-croute \u00e0 9H viendra redonner quelques forces \u00e0 la troupe [&hellip;]<\/p>\n","protected":false},"author":1,"featured_media":374,"comment_status":"closed","ping_status":"closed","sticky":false,"template":"","format":"standard","meta":{"footnotes":""},"categories":[1],"tags":[],"class_list":["post-367","post","type-post","status-publish","format-standard","has-post-thumbnail","hentry","category-non-classe"],"_links":{"self":[{"href":"https:\/\/omsfel.fr\/index.php\/wp-json\/wp\/v2\/posts\/367","targetHints":{"allow":["GET"]}}],"collection":[{"href":"https:\/\/omsfel.fr\/index.php\/wp-json\/wp\/v2\/posts"}],"about":[{"href":"https:\/\/omsfel.fr\/index.php\/wp-json\/wp\/v2\/types\/post"}],"author":[{"embeddable":true,"href":"https:\/\/omsfel.fr\/index.php\/wp-json\/wp\/v2\/users\/1"}],"replies":[{"embeddable":true,"href":"https:\/\/omsfel.fr\/index.php\/wp-json\/wp\/v2\/comments?post=367"}],"version-history":[{"count":3,"href":"https:\/\/omsfel.fr\/index.php\/wp-json\/wp\/v2\/posts\/367\/revisions"}],"predecessor-version":[{"id":373,"href":"https:\/\/omsfel.fr\/index.php\/wp-json\/wp\/v2\/posts\/367\/revisions\/373"}],"wp:featuredmedia":[{"embeddable":true,"href":"https:\/\/omsfel.fr\/index.php\/wp-json\/wp\/v2\/media\/374"}],"wp:attachment":[{"href":"https:\/\/omsfel.fr\/index.php\/wp-json\/wp\/v2\/media?parent=367"}],"wp:term":[{"taxonomy":"category","embeddable":true,"href":"https:\/\/omsfel.fr\/index.php\/wp-json\/wp\/v2\/categories?post=367"},{"taxonomy":"post_tag","embeddable":true,"href":"https:\/\/omsfel.fr\/index.php\/wp-json\/wp\/v2\/tags?post=367"}],"curies":[{"name":"wp","href":"https:\/\/api.w.org\/{rel}","templated":true}]}}