{"id":190,"date":"2019-07-10T08:21:50","date_gmt":"2019-07-10T06:21:50","guid":{"rendered":"http:\/\/omsfel.fr\/?p=190"},"modified":"2021-02-14T18:27:26","modified_gmt":"2021-02-14T17:27:26","slug":"sport-a-la-carte","status":"publish","type":"post","link":"https:\/\/omsfel.fr\/index.php\/2019\/07\/10\/sport-a-la-carte\/","title":{"rendered":"Sport \u00e0 la carte"},"content":{"rendered":"\n<p>L&rsquo;omsfel organise au complexe sportif,  en partenariat avec le Centre socio-culturel de Mign\u00e9-Auxances des activit\u00e9s sportives gratuites pour les jeunes de 11 \u00e0 18 ans<\/p>\n\n\n\n<p>  du lundi 8 juillet au vendredi 2 ao\u00fbt de 14 h 15 \u00e0 16 h15 et <br>Du lundi 19 ao\u00fbt au vendredi 30 ao\u00fbt 2019 de 14h15 \u00e0 16h15<\/p>\n\n\n\n<p>Un moyen de transport est mis \u00e0 la disposition des jeunes les plus \u00e9loign\u00e9s<\/p>\n\n\n\n<p>Inscription gratuite au centre socio-culturel de la Comberie<br>Renseignements aupr\u00e8s du centre socioculturel 05 49 51 76 22 <\/p>\n","protected":false},"excerpt":{"rendered":"<p>L&rsquo;omsfel organise au complexe sportif, en partenariat avec le Centre socio-culturel de Mign\u00e9-Auxances des activit\u00e9s sportives gratuites pour les jeunes de 11 \u00e0 18 ans du lundi 8 juillet au vendredi 2 ao\u00fbt de 14 h 15 \u00e0 16 h15 et Du lundi 19 ao\u00fbt au vendredi 30 ao\u00fbt 2019 de 14h15 \u00e0 16h15 Un [&hellip;]<\/p>\n","protected":false},"author":1,"featured_media":193,"comment_status":"closed","ping_status":"closed","sticky":false,"template":"","format":"standard","meta":{"footnotes":""},"categories":[10],"tags":[],"class_list":["post-190","post","type-post","status-publish","format-standard","has-post-thumbnail","hentry","category-sport"],"_links":{"self":[{"href":"https:\/\/omsfel.fr\/index.php\/wp-json\/wp\/v2\/posts\/190","targetHints":{"allow":["GET"]}}],"collection":[{"href":"https:\/\/omsfel.fr\/index.php\/wp-json\/wp\/v2\/posts"}],"about":[{"href":"https:\/\/omsfel.fr\/index.php\/wp-json\/wp\/v2\/types\/post"}],"author":[{"embeddable":true,"href":"https:\/\/omsfel.fr\/index.php\/wp-json\/wp\/v2\/users\/1"}],"replies":[{"embeddable":true,"href":"https:\/\/omsfel.fr\/index.php\/wp-json\/wp\/v2\/comments?post=190"}],"version-history":[{"count":1,"href":"https:\/\/omsfel.fr\/index.php\/wp-json\/wp\/v2\/posts\/190\/revisions"}],"predecessor-version":[{"id":191,"href":"https:\/\/omsfel.fr\/index.php\/wp-json\/wp\/v2\/posts\/190\/revisions\/191"}],"wp:featuredmedia":[{"embeddable":true,"href":"https:\/\/omsfel.fr\/index.php\/wp-json\/wp\/v2\/media\/193"}],"wp:attachment":[{"href":"https:\/\/omsfel.fr\/index.php\/wp-json\/wp\/v2\/media?parent=190"}],"wp:term":[{"taxonomy":"category","embeddable":true,"href":"https:\/\/omsfel.fr\/index.php\/wp-json\/wp\/v2\/categories?post=190"},{"taxonomy":"post_tag","embeddable":true,"href":"https:\/\/omsfel.fr\/index.php\/wp-json\/wp\/v2\/tags?post=190"}],"curies":[{"name":"wp","href":"https:\/\/api.w.org\/{rel}","templated":true}]}}