{"id":178,"date":"2019-03-20T13:47:51","date_gmt":"2019-03-20T12:47:51","guid":{"rendered":"http:\/\/omsfel.fr\/?p=178"},"modified":"2021-02-14T18:27:42","modified_gmt":"2021-02-14T17:27:42","slug":"piece-de-theatre-comique-lamour-est-feydeau","status":"publish","type":"post","link":"https:\/\/omsfel.fr\/index.php\/2019\/03\/20\/piece-de-theatre-comique-lamour-est-feydeau\/","title":{"rendered":"Pi\u00e8ce de th\u00e9\u00e2tre comique : \u00ab L\u2019amour est Feydeau \u00bb"},"content":{"rendered":"\n<p>Samedi 30 mars \u00e0 20h30 l&rsquo;Omsfel vous propose une repr\u00e9sentation&nbsp; \u00ab L\u2019amour est Feydeau \u00bb .<\/p>\n\n\n\n<p>Cette pi\u00e8ce de th\u00e9\u00e2tre sera interpr\u00e9t\u00e9e par la troupe du th\u00e9\u00e2tre Ambul et c&rsquo;est Fr\u00e9d\u00e9rique Antelme, metteur en sc\u00e8ne professionnel, qui assiste, encadre et conduit si pr\u00e9cieusement la joyeuse troupe.<\/p>\n\n\n\n<figure class=\"wp-block-image\"><img loading=\"lazy\" decoding=\"async\" width=\"2000\" height=\"1500\" src=\"https:\/\/omsfel.fr\/wp-content\/uploads\/2019\/03\/Feydeau-1.jpg\" alt=\"\" class=\"wp-image-185\" srcset=\"https:\/\/omsfel.fr\/wp-content\/uploads\/2019\/03\/Feydeau-1.jpg 2000w, https:\/\/omsfel.fr\/wp-content\/uploads\/2019\/03\/Feydeau-1-300x225.jpg 300w, https:\/\/omsfel.fr\/wp-content\/uploads\/2019\/03\/Feydeau-1-768x576.jpg 768w, https:\/\/omsfel.fr\/wp-content\/uploads\/2019\/03\/Feydeau-1-1024x768.jpg 1024w\" sizes=\"auto, (max-width: 2000px) 100vw, 2000px\" \/><\/figure>\n\n\n\n<p><br><em>Bouquet de sayn\u00e8tes de Feydeau o\u00f9 personne n\u2019est \u00e9pargn\u00e9\u2026<br>Hommes et femmes, maris et ma\u00eetresses, amis et faux amis, aristos et domestiques. Un th\u00e9\u00e2tre jubilatoire dans lequel l\u2019amour est Feydeau\u2026<br>Une travers\u00e9e d\u00e9tonante dans l\u2019univers de Feydeau.<br>Un floril\u00e8ge d\u2019extraits jubilatoires.<\/em><br><\/p>\n\n\n\n<p>\u00ab L\u2019amour est Feydeau \u00bb, le 30 mars \u00e0 20 h 30 \u00e0 la salle Jean-Ferrat. Tarif plein : 8 \u20ac . Gratuit pour les moins de 13 ans.<\/p>\n\n\n\n<p>Tout Public &#8211; Dur\u00e9e 1h45 sans entracte- venez nombreux<br><\/p>\n\n\n\n<p><br><\/p>\n","protected":false},"excerpt":{"rendered":"<p>Samedi 30 mars \u00e0 20h30 l&rsquo;Omsfel vous propose une repr\u00e9sentation&nbsp; \u00ab L\u2019amour est Feydeau \u00bb . Cette pi\u00e8ce de th\u00e9\u00e2tre sera interpr\u00e9t\u00e9e par la troupe du th\u00e9\u00e2tre Ambul et c&rsquo;est Fr\u00e9d\u00e9rique Antelme, metteur en sc\u00e8ne professionnel, qui assiste, encadre et conduit si pr\u00e9cieusement la joyeuse troupe. Bouquet de sayn\u00e8tes de Feydeau o\u00f9 personne n\u2019est \u00e9pargn\u00e9\u2026Hommes [&hellip;]<\/p>\n","protected":false},"author":1,"featured_media":183,"comment_status":"closed","ping_status":"closed","sticky":false,"template":"","format":"standard","meta":{"footnotes":""},"categories":[1],"tags":[],"class_list":["post-178","post","type-post","status-publish","format-standard","has-post-thumbnail","hentry","category-non-classe"],"_links":{"self":[{"href":"https:\/\/omsfel.fr\/index.php\/wp-json\/wp\/v2\/posts\/178","targetHints":{"allow":["GET"]}}],"collection":[{"href":"https:\/\/omsfel.fr\/index.php\/wp-json\/wp\/v2\/posts"}],"about":[{"href":"https:\/\/omsfel.fr\/index.php\/wp-json\/wp\/v2\/types\/post"}],"author":[{"embeddable":true,"href":"https:\/\/omsfel.fr\/index.php\/wp-json\/wp\/v2\/users\/1"}],"replies":[{"embeddable":true,"href":"https:\/\/omsfel.fr\/index.php\/wp-json\/wp\/v2\/comments?post=178"}],"version-history":[{"count":5,"href":"https:\/\/omsfel.fr\/index.php\/wp-json\/wp\/v2\/posts\/178\/revisions"}],"predecessor-version":[{"id":188,"href":"https:\/\/omsfel.fr\/index.php\/wp-json\/wp\/v2\/posts\/178\/revisions\/188"}],"wp:featuredmedia":[{"embeddable":true,"href":"https:\/\/omsfel.fr\/index.php\/wp-json\/wp\/v2\/media\/183"}],"wp:attachment":[{"href":"https:\/\/omsfel.fr\/index.php\/wp-json\/wp\/v2\/media?parent=178"}],"wp:term":[{"taxonomy":"category","embeddable":true,"href":"https:\/\/omsfel.fr\/index.php\/wp-json\/wp\/v2\/categories?post=178"},{"taxonomy":"post_tag","embeddable":true,"href":"https:\/\/omsfel.fr\/index.php\/wp-json\/wp\/v2\/tags?post=178"}],"curies":[{"name":"wp","href":"https:\/\/api.w.org\/{rel}","templated":true}]}}