{"id":127,"date":"2021-02-14T18:28:59","date_gmt":"2021-02-14T17:28:59","guid":{"rendered":"http:\/\/omsfel.fr\/?p=127"},"modified":"2021-02-14T18:28:59","modified_gmt":"2021-02-14T17:28:59","slug":"preparation-reunion-comite-directeur-du-22-novembre-2018","status":"publish","type":"post","link":"https:\/\/omsfel.fr\/index.php\/2021\/02\/14\/preparation-reunion-comite-directeur-du-22-novembre-2018\/","title":{"rendered":"PR\u00c9PARATION R\u00c9UNION COMITE DIRECTEUR DU  22 novembre 2018"},"content":{"rendered":"\n<h3 class=\"wp-block-heading\"><\/h3>\n\n\n\n<ol class=\"wp-block-list\"><li><strong>Rando&nbsp; du 2 d\u00e9cembre<\/strong><\/li><\/ol>\n\n\n\n<p>Avec\nla participation des associations&nbsp;: ACVA \u2013 Alma Rando \u2013 Cyclos de l\u2019Auxance \u2013\nMign\u00e9-Auxances M\u00e9moires&nbsp;&nbsp; <\/p>\n\n\n\n<ul class=\"wp-block-list\"><li><\/li><\/ul>\n\n\n\n<ol class=\"wp-block-list\"><li><strong>Rando&nbsp; du 2 d\u00e9cembre<\/strong><\/li><\/ol>\n\n\n\n<p>&nbsp;Avec la participation des associations&nbsp;: ACVA \u2013 Alma Rando \u2013 Cyclos de l\u2019Auxance \u2013Mign\u00e9-Auxances M\u00e9moires&nbsp;&nbsp; <\/p>\n\n\n\n<ul class=\"wp-block-list\"><li>&nbsp;D\u00e9part du gymnase (A. Jarasson) entre 8h30 et 9h30.<\/li><li>Participation&nbsp;:3 \u20ac au profit du t\u00e9l\u00e9thon<\/li><li>2circuits de 10 et 14 km \u00e9tudi\u00e9s par Nicole et Pascal <\/li><li>&nbsp;-cro\u00fbte et culturelle au domaine de Malaguet (Pr\u00e9sentation des activit\u00e9spr\u00e9sentes sur le site et d\u00e9couverte des glaci\u00e8res sous forme d\u2019expositionpr\u00e9sent\u00e9e par Mign\u00e9-Auxances M\u00e9moires)<\/li><li>Tra\u00e7agedes circuits et ouverture de la rando par Pascal <\/li><li>Feuillede route pr\u00e9par\u00e9e par Nicole<\/li><li>Miseen place sur sites (gymnase et Malaguet) \u00e0 7 h00<\/li><li>Chargementdu fourgon&nbsp;?<\/li><li>R\u00e9cup\u00e9rerbadge gymnase et cl\u00e9s ouverture circuit stade<\/li><li>Installationtivoli (8&#215;4) et casse-cro\u00fbte par les Cyclos, Jean-Christophe et Jean-Luc<\/li><li>Priseen charge ravitaillement&nbsp; par R\u00e9my <\/li><li>InscriptionACVA et ALMA rando (voir fond de caisse&nbsp;??)<\/li><li>Accueil\u00e0 8h avec caf\u00e9 (percolateur) + g\u00e2teaux 4\/4 <\/li><li>Arriv\u00e9eau gymnase (11h30 \u00e0 12h00)&nbsp;&nbsp;&nbsp;&nbsp;&nbsp;&nbsp;&nbsp;&nbsp;&nbsp;&nbsp;&nbsp; <\/li><li>Animationmusicale par Christian<\/li><li>Ap\u00e9ritif(Prise en charge par la mairie \u2013 demande faite &#8211; suivie par Agn\u00e8s)<\/li><li>Recherchem\u00e9c\u00e9nat R\u00e9my.<\/li><li>D\u00e9clarationmairie + r\u00e9servation gymnase + demande tapis&nbsp;+ demande v\u00e9hicule avectables et cl\u00e9s&nbsp;: Bernard <\/li><li>Tract&nbsp; fait par &nbsp;R\u00e9my et largement diffus\u00e9<\/li><li>Communication&nbsp;via sites et messagerie faite<\/li><\/ul>\n\n\n\n<ul class=\"wp-block-list\"><li><\/li><\/ul>\n","protected":false},"excerpt":{"rendered":"<p>Rando&nbsp; du 2 d\u00e9cembre Avec la participation des associations&nbsp;: ACVA \u2013 Alma Rando \u2013 Cyclos de l\u2019Auxance \u2013 Mign\u00e9-Auxances M\u00e9moires&nbsp;&nbsp; Rando&nbsp; du 2 d\u00e9cembre &nbsp;Avec la participation des associations&nbsp;: ACVA \u2013 Alma Rando \u2013 Cyclos de l\u2019Auxance \u2013Mign\u00e9-Auxances M\u00e9moires&nbsp;&nbsp; &nbsp;D\u00e9part du gymnase (A. Jarasson) entre 8h30 et 9h30. Participation&nbsp;:3 \u20ac au profit du t\u00e9l\u00e9thon 2circuits [&hellip;]<\/p>\n","protected":false},"author":3,"featured_media":0,"comment_status":"closed","ping_status":"closed","sticky":false,"template":"","format":"standard","meta":{"footnotes":""},"categories":[1],"tags":[],"class_list":["post-127","post","type-post","status-publish","format-standard","hentry","category-non-classe"],"_links":{"self":[{"href":"https:\/\/omsfel.fr\/index.php\/wp-json\/wp\/v2\/posts\/127","targetHints":{"allow":["GET"]}}],"collection":[{"href":"https:\/\/omsfel.fr\/index.php\/wp-json\/wp\/v2\/posts"}],"about":[{"href":"https:\/\/omsfel.fr\/index.php\/wp-json\/wp\/v2\/types\/post"}],"author":[{"embeddable":true,"href":"https:\/\/omsfel.fr\/index.php\/wp-json\/wp\/v2\/users\/3"}],"replies":[{"embeddable":true,"href":"https:\/\/omsfel.fr\/index.php\/wp-json\/wp\/v2\/comments?post=127"}],"version-history":[{"count":1,"href":"https:\/\/omsfel.fr\/index.php\/wp-json\/wp\/v2\/posts\/127\/revisions"}],"predecessor-version":[{"id":316,"href":"https:\/\/omsfel.fr\/index.php\/wp-json\/wp\/v2\/posts\/127\/revisions\/316"}],"wp:attachment":[{"href":"https:\/\/omsfel.fr\/index.php\/wp-json\/wp\/v2\/media?parent=127"}],"wp:term":[{"taxonomy":"category","embeddable":true,"href":"https:\/\/omsfel.fr\/index.php\/wp-json\/wp\/v2\/categories?post=127"},{"taxonomy":"post_tag","embeddable":true,"href":"https:\/\/omsfel.fr\/index.php\/wp-json\/wp\/v2\/tags?post=127"}],"curies":[{"name":"wp","href":"https:\/\/api.w.org\/{rel}","templated":true}]}}