{"id":1088,"date":"2026-01-27T19:04:03","date_gmt":"2026-01-27T18:04:03","guid":{"rendered":"https:\/\/omsfel.fr\/?p=1088"},"modified":"2026-04-08T08:18:02","modified_gmt":"2026-04-08T06:18:02","slug":"journee-jeunes-sportifs-migne-auxances-grand-poitiers","status":"publish","type":"post","link":"https:\/\/omsfel.fr\/index.php\/2026\/01\/27\/journee-jeunes-sportifs-migne-auxances-grand-poitiers\/","title":{"rendered":"\u00a0Journ\u00e9e Jeunes Sportifs Mign\u00e9-Auxances \u2013 Grand Poitiers \ud83c\udfbe"},"content":{"rendered":"\n<p>\ud83d\udccd <strong>Mercredi 18 f\u00e9vrier<\/strong> &#8211;<strong>Action Jeux de Raquettes (13\u201315 ans)<\/strong><\/p>\n\n\n\n<p>Apr\u00e8s deux actions \u00ab Jeunes Sportifs Engag\u00e9.e.s \u00bb en 2025, les jeunes partent en immersion pour mieux conna\u00eetre les acteurs et les rouages du sport.<br><br>\ud83d\udc49 Cap sur les regroupements 2026 pour <strong>vivre et comprendre les sports<\/strong> !<\/p>\n\n\n\n<p>\ud83d\udccd <strong>Mercredi 18 f\u00e9vrier<\/strong><br>\ud83d\udd64 Accueil \u00e0 9h30 \u2013 Gymnases de Mign\u00e9<br>\ud83d\udd54 Fin \u00e0 17h \u2013 CSC de Mign\u00e9-La-Comberie<\/p>\n\n\n\n<p><strong>Programme :<\/strong><\/p>\n\n\n\n<ul class=\"wp-block-list\">\n<li>Matin : d\u00e9couverte des sports de raquettes (tennis, tennis de table, badminton) et rencontres<\/li>\n\n\n\n<li>Pause m\u00e9ridienne conviviale<\/li>\n\n\n\n<li>Apr\u00e8s-midi : rallye-orientation<\/li>\n\n\n\n<li>Rencontre avec de jeunes coachs et dirigeants sportifs<\/li>\n<\/ul>\n\n\n\n<p>\ud83c\udfaf D\u2019autres sorties sont pr\u00e9vues en 2026, <strong>Jeudi 6 avril et mercredi 20 mai.<\/strong><br><br>et dans les cartons&nbsp;:<\/p>\n\n\n\n<ul class=\"wp-block-list\">\n<li>Match de foot \u00e0 Nantes<\/li>\n\n\n\n<li>Sortie v\u00e9lo \u00e0 Mign\u00e9<\/li>\n\n\n\n<li>Meeting d\u2019athl\u00e9tisme<\/li>\n\n\n\n<li>Roland-Garros, Parc de St-Cyr, sortie nature et tournoi sports de raquettes\u2026<\/li>\n<\/ul>\n\n\n\n<p>\ud83d\udcdd <strong>Inscriptions aupr\u00e8s de :<\/strong><\/p>\n\n\n\n<ul class=\"wp-block-list\">\n<li>ton animateur sportif (municipal \/ CSC \/ OMSFEL)<\/li>\n\n\n\n<li>ou de ton coach de club<\/li>\n<\/ul>\n\n\n\n<p>\ud83d\udce7 sports@migne.fr<br>\ud83d\udcde 06 29 49 56 51<\/p>\n\n\n\n<hr class=\"wp-block-separator has-alpha-channel-opacity\"\/>\n\n\n\n<figure class=\"wp-block-image size-full\"><img loading=\"lazy\" decoding=\"async\" width=\"620\" height=\"876\" src=\"https:\/\/omsfel.fr\/wp-content\/uploads\/2026\/01\/image.png\" alt=\"\" class=\"wp-image-1091\" srcset=\"https:\/\/omsfel.fr\/wp-content\/uploads\/2026\/01\/image.png 620w, https:\/\/omsfel.fr\/wp-content\/uploads\/2026\/01\/image-212x300.png 212w\" sizes=\"auto, (max-width: 620px) 100vw, 620px\" \/><\/figure>\n","protected":false},"excerpt":{"rendered":"<p>\ud83d\udccd Mercredi 18 f\u00e9vrier &#8211;Action Jeux de Raquettes (13\u201315 ans) Apr\u00e8s deux actions \u00ab Jeunes Sportifs Engag\u00e9.e.s \u00bb en 2025, les jeunes partent en immersion pour mieux conna\u00eetre les acteurs et les rouages du sport. \ud83d\udc49 Cap sur les regroupements 2026 pour vivre et comprendre les sports ! \ud83d\udccd Mercredi 18 f\u00e9vrier\ud83d\udd64 Accueil \u00e0 9h30 [&hellip;]<\/p>\n","protected":false},"author":2,"featured_media":1103,"comment_status":"closed","ping_status":"closed","sticky":false,"template":"","format":"standard","meta":{"footnotes":""},"categories":[10],"tags":[],"class_list":["post-1088","post","type-post","status-publish","format-standard","has-post-thumbnail","hentry","category-sport"],"_links":{"self":[{"href":"https:\/\/omsfel.fr\/index.php\/wp-json\/wp\/v2\/posts\/1088","targetHints":{"allow":["GET"]}}],"collection":[{"href":"https:\/\/omsfel.fr\/index.php\/wp-json\/wp\/v2\/posts"}],"about":[{"href":"https:\/\/omsfel.fr\/index.php\/wp-json\/wp\/v2\/types\/post"}],"author":[{"embeddable":true,"href":"https:\/\/omsfel.fr\/index.php\/wp-json\/wp\/v2\/users\/2"}],"replies":[{"embeddable":true,"href":"https:\/\/omsfel.fr\/index.php\/wp-json\/wp\/v2\/comments?post=1088"}],"version-history":[{"count":2,"href":"https:\/\/omsfel.fr\/index.php\/wp-json\/wp\/v2\/posts\/1088\/revisions"}],"predecessor-version":[{"id":1092,"href":"https:\/\/omsfel.fr\/index.php\/wp-json\/wp\/v2\/posts\/1088\/revisions\/1092"}],"wp:featuredmedia":[{"embeddable":true,"href":"https:\/\/omsfel.fr\/index.php\/wp-json\/wp\/v2\/media\/1103"}],"wp:attachment":[{"href":"https:\/\/omsfel.fr\/index.php\/wp-json\/wp\/v2\/media?parent=1088"}],"wp:term":[{"taxonomy":"category","embeddable":true,"href":"https:\/\/omsfel.fr\/index.php\/wp-json\/wp\/v2\/categories?post=1088"},{"taxonomy":"post_tag","embeddable":true,"href":"https:\/\/omsfel.fr\/index.php\/wp-json\/wp\/v2\/tags?post=1088"}],"curies":[{"name":"wp","href":"https:\/\/api.w.org\/{rel}","templated":true}]}}